{"viewingHint":"paged","service":[],"structures":[{"ranges":["https://sammlung.volkskundemuseum.at/i3f/v20/196016/range/196076"],"viewingHint":"top","@id":"https://sammlung.volkskundemuseum.at/i3f/v20/196016/range/196016","@type":"sc:Range","label":"Table of Contents"},{"canvases":["https://sammlung.volkskundemuseum.at/i3f/v20/196016/canvas/196101"],"@id":"https://sammlung.volkskundemuseum.at/i3f/v20/196016/range/196076","@type":"sc:Range","label":"dig/20749: Volkskundemuseum Wien / Foto: Lena Nothdurfter"}],"sequences":[{"canvases":[{"height":680,"width":510,"images":[{"resource":{"service":{"profile":"http://iiif.io/api/image/2/level2.json","@context":"http://iiif.io/api/image/2/context.json","@id":"https://sammlung.volkskundemuseum.at/i3f/v20/196101"},"format":"image/jpeg","height":1333,"width":1000,"@id":"https://sammlung.volkskundemuseum.at/download/webcache/1000/196101","@type":"dctypes:Image"},"on":"https://sammlung.volkskundemuseum.at/i3f/v20/196016/canvas/196101","motivation":"sc:painting","@id":"https://sammlung.volkskundemuseum.at/i3f/v20/196016/annotation/196101","@type":"oa:Annotation"}],"label":"[1]","@id":"https://sammlung.volkskundemuseum.at/i3f/v20/196016/canvas/196101","@type":"sc:Canvas"}],"viewingHint":"paged","startCanvas":"https://sammlung.volkskundemuseum.at/i3f/v20/196016/canvas/196101","viewingDirection":"left-to-right","label":"Current Page Order","@context":"http://iiif.io/api/presentation/2/context.json","@id":"https://sammlung.volkskundemuseum.at/i3f/v20/196016/sequence/normal","@type":"sc:Sequence"}],"label":"dig/10166: Digitale Fotografie: Impressionen w\u00e4hrend der Coronapandemie M\u00e4rz bis Juni 2020","thumbnail":{"width":304,"height":405,"@id":"https://sammlung.volkskundemuseum.at/i3f/v21/196101/full/304/0/default.jpg","@type":"dctypes:Image","format":"image/jpeg"},"logo":{"@id":"https://sammlung.volkskundemuseum.at/domainresource/static/graphics/connectors/viewerLogo.gif","service":{"profile":"http://iiif.io/api/image/2/level2.json","@context":"http://iiif.io/api/image/2/context.json","@id":""}},"@context":"http://iiif.io/api/presentation/2/context.json","seeAlso":{"format":"application/xml","@id":"https://sammlung.volkskundemuseum.at/oai?verb=GetRecord&metadataPrefix=mets&identifier=196016","label":"METS"},"@id":"https://sammlung.volkskundemuseum.at/i3f/v20/196016/manifest","@type":"sc:Manifest","metadata":[{"value":"Mitarbeiter:innen des Volkskundemuseum Wien dokumentierten den ersten Corona-Lockdown, der von M\u00e4rz bis Mai 2020 dauerte, fotografisch und vermitteln einen pers\u00f6nlichen wie kollektiven Eindruck der sich ver\u00e4ndernden Alltage.\rStra\u00dfenbild mit weggeworfener MNS-Maske.","label":"Beschreibung"},{"value":"Nothdurfter, Lena","label":"Fotograf:in"},{"value":"Wien (Aufnahmeort)   ; 13.03.2020 (Aufnahmedatum)","label":"Entstehung"},{"value":"JPG","label":"Technik"},{"value":"Hochformat","label":"Format"},{"value":"H: 680 px B: 510 px","label":"Abmessungen"},{"value":"Objekt","label":"Objekttyp"},{"value":"Digitale Aufnahme, Farbe","label":"Objektart"},{"value":"Bezdek, Susanne & Kathrin Pallestrang: Rasanter Stillstand. Impressionen unter Covid-19. Wien 2021.\r\rPallestrang, Kathrin: Fotostrecke: Corona-Lockdown. In: \u00d6sterreichische Zeitschrift f\u00fcr Volkskunde, LXXIV/2020, S. 173-186.","label":"Weiterf\u00fchrende Informationen"},{"value":"Bezdek, Susanne & Kathrin Pallestrang: Rasanter Stillstand. Impressionen unter Covid-19. Wien 2021, Kat.Nr. 22.\r\rPallestrang, Kathrin: Fotostrecke: Corona-Lockdown. In: \u00d6sterreichische Zeitschrift f\u00fcr Volkskunde, LXXIV/2020, S. 173-186, hier S. 185, Abb. 18.","label":"Dokumentation"},{"value":"dig/10166","label":"Inventarnummer"},{"value":"Coronapandemie","label":"Assoziation"},{"value":"Schenkung","label":"Erwerbungsart"}]}